{"id":25528,"date":"2022-06-21T17:40:22","date_gmt":"2022-06-21T21:40:22","guid":{"rendered":"https:\/\/www.unc.edu.py\/?p=25528"},"modified":"2022-06-21T17:40:22","modified_gmt":"2022-06-21T21:40:22","slug":"convocatoria-a-comicios-para-eleccion-de-3-tres-representantes-estudiantiles-titulares-y-3-tres-representantes-estudiantiles-suplentes-ante-el-consejo-superior-universitario-de-la-universidad-naci","status":"publish","type":"post","link":"https:\/\/softcon.wnpower.host\/?p=25528","title":{"rendered":"CONVOCATORIA A COMICIOS PARA ELECCI\u00d3N DE 3 (TRES) REPRESENTANTES ESTUDIANTILES TITULARES Y 3 (TRES) REPRESENTANTES ESTUDIANTILES SUPLENTES ANTE EL CONSEJO SUPERIOR UNIVERSITARIO DE LA UNIVERSIDAD NACIONAL DE CONCEPCI\u00d3N, PERIODO 2022 \u2013 2023"},"content":{"rendered":"<p><span style=\"color: #000000;\">El Rectorado de la Universidad Nacional de Concepci\u00f3n, por medio de la Resoluci\u00f3n REC-Nro. 221\/2022 y en cumplimiento al Cronograma Electoral aprobado por el Tribunal Electoral de la UNC (Ref. Resoluci\u00f3n TE\/UNC Nro. 02\/2022), convoca a los representantes estudiantiles titulares ante los Consejos Directivos de las Facultades de Odontolog\u00eda; Ciencias Agrarias; Ciencias Econ\u00f3micas y Administrativas; Medicina; Humanidades y Ciencias de la Educaci\u00f3n; y Ciencias Exactas y Tecnol\u00f3gicas de la Universidad Nacional de Concepci\u00f3n, para elegir 3 (Tres) Representantes Estudiantiles Titulares y 3 (Tres) Representantes Estudiantiles Suplentes ante el Consejo Superior Universitario por el Periodo 2022-2023.<\/span><\/p>\n<p><span style=\"color: #000000;\">Las elecciones referidas ser\u00e1n realizadas el d\u00eda 30 de junio del 2022, con inicio a las 08:00 horas en el local de la Sala de Sesiones del Consejo Superior Universitario, y las mismas ser\u00e1n juzgados por el Tribunal Electoral de la Universidad Nacional de Concepci\u00f3n.<\/span><\/p>\n<p><span style=\"color: #000000;\">Los representantes estudiantiles convocados son los siguientes:<\/span><\/p>\n<p style=\"padding-left: 40px;\"><span style=\"color: #000000;\"><em><strong>FACULTAD DE ODONTOLOG\u00cdA:<\/strong> MAHLI REBECA ARCE BARBOZA \u2013 C.I. NRO. 6.988.831 y DAHIANA MONTSERRAT CHAPARRO ARG\u00dcELLO \u2013 C.I. NRO. 4.848.187.<\/em><\/span><\/p>\n<p style=\"padding-left: 40px;\"><span style=\"color: #000000;\"><em><strong>FACULTAD DE CIENCIAS AGRARIAS:<\/strong> ORLANDO GUZMAN VEGA DIAZ \u2013 C.I. NRO. 5.128.364 y DINA MARIEL GONZALEZ VILLASBOA \u2013 C.I. NRO. 4.950.844.<\/em><\/span><\/p>\n<p style=\"padding-left: 40px;\"><span style=\"color: #000000;\"><em><strong>FACULTAD DE CIENCIAS ECON\u00d3MICAS Y ADMINISTRATIVAS:<\/strong> MARLENE JUDITH CABRERA PE\u00d1A \u2013 C.I. NRO. 3.871.313 y ESTRELLA MARIA ROLON RIVEROS \u2013 C.I. NRO. 5.004.377.<\/em>\u00a0<\/span><\/p>\n<p style=\"padding-left: 40px;\"><span style=\"color: #000000;\"><em><strong>FACULTAD DE MEDICINA:<\/strong> ROMINA PAOLA RAMOS PANIAGUA \u2013 C.I. NRO. 5.731.260 y JORGE FABIAN MOLINE ORTIZ \u2013 C.I. NRO. 4.674.826.<\/em><\/span><\/p>\n<p style=\"padding-left: 40px;\"><span style=\"color: #000000;\"><em><strong>FACULTAD DE HUMANIDADES Y CIENCIAS DE LA EDUCACI\u00d3N:<\/strong> RAFAEL MARECO MARTINEZ \u2013 C.I. NRO. 3.564.258 y AMILCAR KEVIN LOPEZ \u2013 C.I. NRO. 5.591.303.<\/em><\/span><\/p>\n<p style=\"padding-left: 40px;\"><span style=\"color: #000000;\"><em><strong>FACULTAD DE CIENCIAS EXACTAS Y TECNOL\u00d3GICAS:<\/strong> ANTONIO DE JESUS GARCIA RODRIGUEZ \u2013 C.I. NRO. 5.069.327 y JULIETA MARIA FRETES CRISTALDO \u2013 C.I. NRO. 6.362.949.<\/em><\/span><\/p>\n<p><span style=\"color: #000000;\">Se comparte a continuaci\u00f3n el contenido de la Resoluci\u00f3n referida:<\/span><\/p>\n<p style=\"text-align: center;\"><span style=\"color: #003300;\"><em><strong><a style=\"color: #003300;\" href=\"https:\/\/softcon.wnpower.host\/wp-content\/uploads\/2022\/06\/REC-221-CONVOCAR-ELECCION-ESTUDIANTES-CSU-1.pdf\" target=\"_blank\" rel=\"noopener\">Resoluci\u00f3n REC-Nro. 221\/2022<\/a><\/strong><\/em><\/span><\/p>\n","protected":false},"excerpt":{"rendered":"<p>Convocatoria a elecci\u00f3n de representantes estudiantiles ante el CSU, Periodo 2022-2023.<\/p>\n","protected":false},"author":1,"featured_media":25258,"comment_status":"open","ping_status":"open","sticky":false,"template":"","format":"standard","meta":{"footnotes":""},"categories":[50],"tags":[43],"class_list":["post-25528","post","type-post","status-publish","format-standard","has-post-thumbnail","hentry","category-noticias","tag-unc-elecciones"],"_links":{"self":[{"href":"https:\/\/softcon.wnpower.host\/index.php?rest_route=\/wp\/v2\/posts\/25528","targetHints":{"allow":["GET"]}}],"collection":[{"href":"https:\/\/softcon.wnpower.host\/index.php?rest_route=\/wp\/v2\/posts"}],"about":[{"href":"https:\/\/softcon.wnpower.host\/index.php?rest_route=\/wp\/v2\/types\/post"}],"author":[{"embeddable":true,"href":"https:\/\/softcon.wnpower.host\/index.php?rest_route=\/wp\/v2\/users\/1"}],"replies":[{"embeddable":true,"href":"https:\/\/softcon.wnpower.host\/index.php?rest_route=%2Fwp%2Fv2%2Fcomments&post=25528"}],"version-history":[{"count":0,"href":"https:\/\/softcon.wnpower.host\/index.php?rest_route=\/wp\/v2\/posts\/25528\/revisions"}],"wp:featuredmedia":[{"embeddable":true,"href":"https:\/\/softcon.wnpower.host\/index.php?rest_route=\/"}],"wp:attachment":[{"href":"https:\/\/softcon.wnpower.host\/index.php?rest_route=%2Fwp%2Fv2%2Fmedia&parent=25528"}],"wp:term":[{"taxonomy":"category","embeddable":true,"href":"https:\/\/softcon.wnpower.host\/index.php?rest_route=%2Fwp%2Fv2%2Fcategories&post=25528"},{"taxonomy":"post_tag","embeddable":true,"href":"https:\/\/softcon.wnpower.host\/index.php?rest_route=%2Fwp%2Fv2%2Ftags&post=25528"}],"curies":[{"name":"wp","href":"https:\/\/api.w.org\/{rel}","templated":true}]}}