{"id":25531,"date":"2022-06-21T17:47:17","date_gmt":"2022-06-21T21:47:17","guid":{"rendered":"https:\/\/www.unc.edu.py\/?p=25531"},"modified":"2022-06-21T17:47:17","modified_gmt":"2022-06-21T21:47:17","slug":"convocatoria-a-comicios-para-eleccion-de-1-un-representante-graduado-no-docente-titular-y-1-un-representante-graduado-no-docente-suplente-ante-el-consejo-superior-universitario-por-el-periodo-2022","status":"publish","type":"post","link":"https:\/\/softcon.wnpower.host\/?p=25531","title":{"rendered":"CONVOCATORIA A COMICIOS PARA ELECCI\u00d3N DE 1 (UN) REPRESENTANTE GRADUADO NO DOCENTE TITULAR Y 1 (UN) REPRESENTANTE GRADUADO NO DOCENTE SUPLENTE ANTE EL CONSEJO SUPERIOR UNIVERSITARIO POR EL PERIODO 2022-2024"},"content":{"rendered":"<p><span style=\"color: #000000;\">El Rectorado de la Universidad Nacional de Concepci\u00f3n, por medio de la Resoluci\u00f3n REC-Nro. 222\/2022 y en cumplimiento al Cronograma Electoral aprobado por el Tribunal Electoral de la UNC (Ref. Resoluci\u00f3n TE\/UNC Nro. 02\/2022), convoca a los representantes graduados no docentes titulares ante los Consejos Directivos de las Facultades de Odontolog\u00eda; Ciencias Agrarias; Ciencias Econ\u00f3micas y Administrativas; Medicina; Humanidades y Ciencias de la Educaci\u00f3n; y Ciencias Exactas y Tecnol\u00f3gicas de la Universidad Nacional de Concepci\u00f3n, para elegir 1 (un) Representantes Graduado No Docente Titular y 1 (un) Representantes Graduado No Docente Suplente ante el Consejo Superior Universitario por el Periodo 2022-2024.<\/span><\/p>\n<p><span style=\"color: #000000;\">Las elecciones referidas ser\u00e1n realizadas el d\u00eda 30 de junio del 2022, con inicio a las 08:30 horas en el local de la Sala de Sesiones del Consejo Superior Universitario, y las mismas ser\u00e1n juzgados por el Tribunal Electoral de la Universidad Nacional de Concepci\u00f3n.<\/span><\/p>\n<p><span style=\"color: #000000;\">Los representantes convocados son los siguientes:<\/span><\/p>\n<p style=\"padding-left: 40px;\"><span style=\"color: #000000;\"><em><strong>FACULTAD DE ODONTOLOG\u00cdA:<\/strong> LUCAS EDUARDO QUEVEDO VARGAS \u2013 C.I. NRO. 5.618.436.<\/em><\/span><\/p>\n<p style=\"padding-left: 40px;\"><span style=\"color: #000000;\"><em><strong>FACULTAD DE CIENCIAS AGRARIAS:<\/strong> CINTHIA CONCEPCION SANABRIA IRIGOYEN \u2013 C.I. NRO. 6.059.297.<\/em><\/span><\/p>\n<p style=\"padding-left: 40px;\"><span style=\"color: #000000;\"><em><strong>FACULTAD DE CIENCIAS ECON\u00d3MICAS Y ADMINISTRATIVAS:<\/strong> LUIS ENRIQUE FANKHAUSER DIAZ \u2013 C.I. NRO. 5.670.716.<\/em><\/span><\/p>\n<p style=\"padding-left: 40px;\"><span style=\"color: #000000;\"><em><strong>FACULTAD DE MEDICINA:<\/strong> SILVER DAMIAN RAMIREZ CABRERA \u2013 C.I. NRO. 3.993.526.<\/em><\/span><\/p>\n<p style=\"padding-left: 40px;\"><span style=\"color: #000000;\"><em><strong>FACULTAD DE HUMANIDADES Y CIENCIAS DE LA EDUCACI\u00d3N:<\/strong> CHARLES ERICO IBARRA ECHAG\u00dcE \u2013 C.I. NRO. 2.894.555.<\/em><\/span><\/p>\n<p style=\"padding-left: 40px;\"><span style=\"color: #000000;\"><em><strong>FACULTAD DE CIENCIAS EXACTAS Y TECNOL\u00d3GICAS:<\/strong><\/em> <em>DEYSI JOHANNA PEREZ LESMO \u2013 C.I. NRO. 4.248.798.<\/em><\/span><\/p>\n<p><span style=\"color: #000000;\">Se comparte a continuaci\u00f3n el contenido de la Resoluci\u00f3n referida:<\/span><\/p>\n<p style=\"text-align: center;\"><em><strong><span style=\"color: #003300;\"><a style=\"color: #003300;\" href=\"https:\/\/softcon.wnpower.host\/wp-content\/uploads\/2022\/06\/REC-222-CONVOCAR-ELECCIONES-GRADUADOS-CSU.pdf\" target=\"_blank\" rel=\"noopener\">Resoluci\u00f3n REC-Nro. 222\/2022<\/a><\/span><\/strong><\/em><\/p>\n","protected":false},"excerpt":{"rendered":"<p>Convocatoria a elecci\u00f3n de representante graduado no docente ante el CSU, Periodo 2022-2024<\/p>\n","protected":false},"author":1,"featured_media":25258,"comment_status":"open","ping_status":"open","sticky":false,"template":"elementor_header_footer","format":"standard","meta":{"footnotes":""},"categories":[50],"tags":[43],"class_list":["post-25531","post","type-post","status-publish","format-standard","has-post-thumbnail","hentry","category-noticias","tag-unc-elecciones"],"_links":{"self":[{"href":"https:\/\/softcon.wnpower.host\/index.php?rest_route=\/wp\/v2\/posts\/25531","targetHints":{"allow":["GET"]}}],"collection":[{"href":"https:\/\/softcon.wnpower.host\/index.php?rest_route=\/wp\/v2\/posts"}],"about":[{"href":"https:\/\/softcon.wnpower.host\/index.php?rest_route=\/wp\/v2\/types\/post"}],"author":[{"embeddable":true,"href":"https:\/\/softcon.wnpower.host\/index.php?rest_route=\/wp\/v2\/users\/1"}],"replies":[{"embeddable":true,"href":"https:\/\/softcon.wnpower.host\/index.php?rest_route=%2Fwp%2Fv2%2Fcomments&post=25531"}],"version-history":[{"count":0,"href":"https:\/\/softcon.wnpower.host\/index.php?rest_route=\/wp\/v2\/posts\/25531\/revisions"}],"wp:featuredmedia":[{"embeddable":true,"href":"https:\/\/softcon.wnpower.host\/index.php?rest_route=\/"}],"wp:attachment":[{"href":"https:\/\/softcon.wnpower.host\/index.php?rest_route=%2Fwp%2Fv2%2Fmedia&parent=25531"}],"wp:term":[{"taxonomy":"category","embeddable":true,"href":"https:\/\/softcon.wnpower.host\/index.php?rest_route=%2Fwp%2Fv2%2Fcategories&post=25531"},{"taxonomy":"post_tag","embeddable":true,"href":"https:\/\/softcon.wnpower.host\/index.php?rest_route=%2Fwp%2Fv2%2Ftags&post=25531"}],"curies":[{"name":"wp","href":"https:\/\/api.w.org\/{rel}","templated":true}]}}