{"id":26800,"date":"2025-05-12T18:54:48","date_gmt":"2025-05-12T22:54:48","guid":{"rendered":"https:\/\/www.unc.edu.py\/?p=26800"},"modified":"2025-06-18T19:11:30","modified_gmt":"2025-06-18T23:11:30","slug":"convocatoria-asamblea-universitaria-unc","status":"publish","type":"post","link":"https:\/\/softcon.wnpower.host\/?p=26800","title":{"rendered":"CONVOCATORIA &#8211; ASAMBLEA UNIVERSITARIA UNC"},"content":{"rendered":"<p><img loading=\"lazy\" decoding=\"async\" class=\"aligncenter wp-image-26802 size-large\" src=\"https:\/\/softcon.wnpower.host\/wp-content\/uploads\/2025\/06\/Amarillo-y-Naranja-Simple-Limpio-Adivina-la-Imagen-con-Zoom-Juego-Presentacion-Divertida-1024x576.jpg\" alt=\"\" width=\"1024\" height=\"576\" srcset=\"https:\/\/softcon.wnpower.host\/wp-content\/uploads\/2025\/06\/Amarillo-y-Naranja-Simple-Limpio-Adivina-la-Imagen-con-Zoom-Juego-Presentacion-Divertida-1024x576.jpg 1024w, https:\/\/softcon.wnpower.host\/wp-content\/uploads\/2025\/06\/Amarillo-y-Naranja-Simple-Limpio-Adivina-la-Imagen-con-Zoom-Juego-Presentacion-Divertida-300x169.jpg 300w, https:\/\/softcon.wnpower.host\/wp-content\/uploads\/2025\/06\/Amarillo-y-Naranja-Simple-Limpio-Adivina-la-Imagen-con-Zoom-Juego-Presentacion-Divertida.jpg 1920w\" sizes=\"auto, (max-width: 1024px) 100vw, 1024px\" \/><\/p>\n<p>El Rectorado de la Universidad Nacional de Concepci\u00f3n, de conformidad con los Art\u00edculos 12, 13, 14 y 15 del Estatuto de la UNC, informa de la emisi\u00f3n de las Resoluciones REC-Nro. 271\/2025 y REC-Nro. 272\/2025 y, en cumplimento de las disposiciones referenciadas, socializa:<\/p>\n<p><strong>1. CONVOCATORIA A ASAMBLEA UNIVERSITARIA de la UNC (Ref. Resoluci\u00f3n REC-Nro. 271\/2025)<\/strong>, a realizarse el d\u00eda 20 de junio del 2025 a partir de las 08:00 horas en el local del Sal\u00f3n Multiuso del Campus Universitario, para tratar exclusivamente el siguiente del Orden del D\u00eda:<\/p>\n<p>a) \u201cModificaci\u00f3n de los Art\u00edculos 2, 23, 41, 113 y 114 del Estatuto de la Universidad Nacional de Concepci\u00f3n\u201d.-<\/p>\n<p><strong>2. CONVOCATORIA A ASAMBLEA UNIVERSITARIA de la UNC<\/strong> (Ref. Resoluci\u00f3n REC-Nro. 272\/2025), a realizarse el d\u00eda 20 de junio del 2025 a partir de las 09:30 horas en el local del Sal\u00f3n Multiuso del Campus Universitario, para tratar exclusivamente el siguiente del Orden del D\u00eda:<\/p>\n<p>a) \u201cElecci\u00f3n de Rector y Vicerrector de la Universidad Nacional de Concepci\u00f3n, Periodo Estatutario 2025 \u2013 2030\u201d.-<\/p>\n<p>Asimismo, se notifica de la presente convocatoria, atendiendo al mandato del Estatuto de la UNC, a:<\/p>\n<p>a) Los miembros en ejercicio del Consejo Superior Universitario;<\/p>\n<p>b) Los Consejos Directivos de cada Facultad a fin de proceder a la elecci\u00f3n de entre sus miembros de:<\/p>\n<p>\u2013 Dos miembros docentes, en ejercicio del Consejo Directivo de cada Facultad.<br \/>\n\u2013 Un miembro estudiantil, en ejercicio del Consejo Directivo de cada Facultad.<br \/>\n\u2013 Un miembro egresado no docente, en ejercicio del Consejo Directivo de cada Facultad.<\/p>\n<p style=\"text-align: right;\"><em>12-05-2025<\/em><\/p>\n","protected":false},"excerpt":{"rendered":"<p>El Rectorado de la Universidad Nacional de Concepci\u00f3n, de conformidad con los Art\u00edculos 12, 13, 14 y 15 del Estatuto de la UNC, informa de la emisi\u00f3n de las Resoluciones REC-Nro. 271\/2025 y REC-Nro. 272\/2025 y, en cumplimento de las disposiciones referenciadas, socializa: 1. CONVOCATORIA A ASAMBLEA UNIVERSITARIA de la UNC (Ref. Resoluci\u00f3n REC-Nro. 271\/2025),&#8230;<\/p>\n","protected":false},"author":1,"featured_media":26802,"comment_status":"closed","ping_status":"closed","sticky":false,"template":"","format":"standard","meta":{"footnotes":""},"categories":[5],"tags":[57],"class_list":["post-26800","post","type-post","status-publish","format-standard","has-post-thumbnail","hentry","category-eventos","tag-unc-asamblea"],"_links":{"self":[{"href":"https:\/\/softcon.wnpower.host\/index.php?rest_route=\/wp\/v2\/posts\/26800","targetHints":{"allow":["GET"]}}],"collection":[{"href":"https:\/\/softcon.wnpower.host\/index.php?rest_route=\/wp\/v2\/posts"}],"about":[{"href":"https:\/\/softcon.wnpower.host\/index.php?rest_route=\/wp\/v2\/types\/post"}],"author":[{"embeddable":true,"href":"https:\/\/softcon.wnpower.host\/index.php?rest_route=\/wp\/v2\/users\/1"}],"replies":[{"embeddable":true,"href":"https:\/\/softcon.wnpower.host\/index.php?rest_route=%2Fwp%2Fv2%2Fcomments&post=26800"}],"version-history":[{"count":4,"href":"https:\/\/softcon.wnpower.host\/index.php?rest_route=\/wp\/v2\/posts\/26800\/revisions"}],"predecessor-version":[{"id":26805,"href":"https:\/\/softcon.wnpower.host\/index.php?rest_route=\/wp\/v2\/posts\/26800\/revisions\/26805"}],"wp:featuredmedia":[{"embeddable":true,"href":"https:\/\/softcon.wnpower.host\/index.php?rest_route=\/wp\/v2\/media\/26802"}],"wp:attachment":[{"href":"https:\/\/softcon.wnpower.host\/index.php?rest_route=%2Fwp%2Fv2%2Fmedia&parent=26800"}],"wp:term":[{"taxonomy":"category","embeddable":true,"href":"https:\/\/softcon.wnpower.host\/index.php?rest_route=%2Fwp%2Fv2%2Fcategories&post=26800"},{"taxonomy":"post_tag","embeddable":true,"href":"https:\/\/softcon.wnpower.host\/index.php?rest_route=%2Fwp%2Fv2%2Ftags&post=26800"}],"curies":[{"name":"wp","href":"https:\/\/api.w.org\/{rel}","templated":true}]}}