{"id":26806,"date":"2025-06-18T19:24:40","date_gmt":"2025-06-18T23:24:40","guid":{"rendered":"https:\/\/www.unc.edu.py\/?p=26806"},"modified":"2025-06-18T19:24:40","modified_gmt":"2025-06-18T23:24:40","slug":"asamblea-universitaria-nomina-de-asambleistas","status":"publish","type":"post","link":"https:\/\/softcon.wnpower.host\/?p=26806","title":{"rendered":"ASAMBLEA UNIVERSITARIA &#8211; N\u00d3MINA DE ASAMBLE\u00cdSTAS"},"content":{"rendered":"<p><img loading=\"lazy\" decoding=\"async\" class=\"aligncenter wp-image-26808 size-full\" src=\"https:\/\/softcon.wnpower.host\/wp-content\/uploads\/2025\/06\/Verde-Rosa-Pagina-Web-Lanzamiento-Cohete-Twitter-Encabezado-1.jpg\" alt=\"\" width=\"1500\" height=\"500\" srcset=\"https:\/\/softcon.wnpower.host\/wp-content\/uploads\/2025\/06\/Verde-Rosa-Pagina-Web-Lanzamiento-Cohete-Twitter-Encabezado-1.jpg 1500w, https:\/\/softcon.wnpower.host\/wp-content\/uploads\/2025\/06\/Verde-Rosa-Pagina-Web-Lanzamiento-Cohete-Twitter-Encabezado-1-300x100.jpg 300w, https:\/\/softcon.wnpower.host\/wp-content\/uploads\/2025\/06\/Verde-Rosa-Pagina-Web-Lanzamiento-Cohete-Twitter-Encabezado-1-1024x341.jpg 1024w\" sizes=\"auto, (max-width: 1500px) 100vw, 1500px\" \/><\/p>\n<p>El Rectorado de la Universidad Nacional de Concepci\u00f3n informa de la n\u00f3mina de Asamble\u00edstas habilitados para participar en las Asambleas Universitarias convocadas para el d\u00eda 20 de junio del cte. a\u00f1o, las mismas convocadas en virtud de las Resoluciones REC-Nro. 271\/2025 y REC-Nro. 272\/2025, respectivamente.<\/p>\n<p>Adem\u00e1s de los miembros vigentes del Consejo Superior Universitario, los Consejos Directivos de las Unidades Acad\u00e9micas han nominado a sus respectivos representantes, en cumplimiento de lo expuesto en el Estatuto de la UNC; detall\u00e1ndose los mismos a continuaci\u00f3n:<\/p>\n<p><em><strong>LOS MIEMBROS EN EJERCICIO DEL CONSEJO SUPERIOR UNIVERSITARIO:<\/strong><\/em><\/p>\n<p><em>1. Prof. Dr. Clarito Rojas Mar\u00edn, Rector.<\/em><br \/>\n<em>2. Prof. Dr. Arnaldo Miguel Ferreira Caba\u00f1as, Vicerrector.<\/em><br \/>\n<em>3. Prof. Dr. Carlos Ram\u00f3n Lima De Le\u00f3n, Decano Facultad de Odontolog\u00eda.<\/em><br \/>\n<em>4. Prof. Mg. Silvio Andr\u00e9s Ayala Sanabria, Representante Docente Facultad de Odontolog\u00eda.<\/em><br \/>\n<em>5. Prof. Mg. Derlys Fernando L\u00f3pez Avalos, Decano Facultad de Ciencias Agrarias.<\/em><br \/>\n<em>6. Prof. Lic. Rosa Elizabeth Rojas Villasanti, Representante Docente Facultad de Ciencias Agrarias.<\/em><br \/>\n<em>7. Univ. Luciana Ruiz Diaz Aquino, Representante Estudiantil Facultad de Ciencias Agrarias.<\/em><br \/>\n<em>8. Prof. Mg. Gerardo Lang Ferri, Decano Facultad de Ciencias Econ\u00f3micas y Administrativas.<\/em><br \/>\n<em>9. Prof. Mg. Angel Leonardo Leguizam\u00f3n, Representante Docente Facultad de Ciencias Econ\u00f3micas y Administrativas.<\/em><br \/>\n<em>10. CP Mari\u00e1ngeles Davalos Mart\u00ednez, Representante Graduado No Docente Facultad de Ciencias Econ\u00f3micas y Administrativas.<\/em><br \/>\n<em>11. Prof. Dr. Roberto Gustavo Barrios, Decano Facultad de Medicina.<\/em><br \/>\n<em>12. Prof. Dr. Jos\u00e9 Lu\u00eds Franco Brusquetti, Representante Docente Facultad de Medicina.<\/em><br \/>\n<em>13. Prof. Dra. Mar\u00eda Concepci\u00f3n Araujo de Ben\u00edtez, Decana Facultad de Humanidades y Ciencias de la Educaci\u00f3n.<\/em><br \/>\n<em>14. Prof. Mg. Aldo Javier Rojas Cardozo, Representante Docente Facultad de Humanidades y Ciencias de la Educaci\u00f3n.<\/em><br \/>\n<em>15. Univ. Adri\u00e1n Romero Mart\u00ednez, Representante Estudiantil Facultad de Humanidades y Ciencias de la Educaci\u00f3n.<\/em><br \/>\n<em>16. Prof. Ing. Jorge El\u00edas Sanz Cabrera, Decano en ejercicio Facultad de Ciencias Exactas y Tecnol\u00f3gicas.<\/em><br \/>\n<em>17. Prof. Mg. Mar\u00eda Teresa Mart\u00ednez de Wood, Representante Docente Facultad de Ciencias Exactas y Tecnol\u00f3gicas.<\/em><br \/>\n<em>18. Univ. C\u00e9sar Mat\u00edas Gauto Ram\u00edrez, Representante Estudiantil Facultad de Ciencias Exactas y Tecnol\u00f3gicas.<\/em><\/p>\n<p><em><strong>DOS MIEMBROS DOCENTES EN EJERCICIO DEL CONSEJO DIRECTIVO DE CADA FACULTAD, DESIGNADOS POR EL MISMO CONSEJO:<\/strong><\/em><br \/>\n<em>19. Prof. Dra. Diana Carolina Acevedo Gim\u00e9nez, Facultad de Odontolog\u00eda.<\/em><br \/>\n<em>20. Prof. Mg. Sebastiana Encina de Talavera, Facultad de Odontolog\u00eda.<\/em><br \/>\n<em>21. Prof. Mg. Modesto Osmar Da Silva Oviedo, Facultad de Ciencias Agrarias.<\/em><br \/>\n<em>22. Prof. Mg. Carlos Ricardo Vera Jara, Facultad de Ciencias Agrarias.<\/em><br \/>\n<em>23. Prof. Mg. Wilson Macario Rodr\u00edguez Encina, Facultad de Ciencias Econ\u00f3micas y Administrativas.<\/em><br \/>\n<em>24. Prof. Lic. Claudia Judith Arce de Mil\u00f3n, Facultad de Ciencias Econ\u00f3micas y Administrativas.<\/em><br \/>\n<em>25. Prof. Dra. Manuelita Noem\u00ed Iglesias Carreras, Facultad de Medicina.<\/em><br \/>\n<em>26. Prof. Dr. Ra\u00fal Milciades Desvars Gonz\u00e1lez, Facultad de Medicina.<\/em><br \/>\n<em>27. Prof. Mg. Isidro Rub\u00e9n Moreno Recalde, Facultad de Humanidades y Ciencias de la Educaci\u00f3n.<\/em><br \/>\n<em>28. Prof. Mg. Mar\u00eda Teresa Huerta Chamorro, Facultad de Humanidades y Ciencias de la Educaci\u00f3n.<\/em><br \/>\n<em>29. Prof. Ing. Gustavo An\u00edbal Alarc\u00f3n Arredondo, Facultad de Ciencias Exactas y Tecnol\u00f3gicas.<\/em><br \/>\n<em>30. Prof. Mg. Alfredo Talavera Garcete, Facultad de Ciencias Exactas y Tecnol\u00f3gicas.<\/em><\/p>\n<p><em><strong>UN MIEMBRO GRADUADO NO DOCENTE DE CADA FACULTAD EN EJERCICIO DEL CONSEJO DIRECTIVO, DESIGNADO POR EL MISMO CONSEJO:<\/strong><\/em><br \/>\n<em>31. Dr. N\u00e9stor Ariel Alfonzo, Facultad de Odontolog\u00eda.<\/em><br \/>\n<em>32. Ing. Agr. Samanta Carolina Leiva Jacquet, Facultad de Ciencias Agrarias.<\/em><br \/>\n<em>33. Ing. Inf. Emp. Aylin Araceli Ortellado, Facultad de Ciencias Econ\u00f3micas y Administrativas.<\/em><br \/>\n<em>34. Dra. Piedad Mar\u00eda Nazareth Mart\u00ednez Sanabria, Facultad de Medicina.<\/em><br \/>\n<em>35. Mg. Derlis Vicente Portillo Garc\u00eda, Facultad de Humanidades y Ciencias de la Educaci\u00f3n.<\/em><br \/>\n<em>36. Ing. Joel David Ruiz Gonz\u00e1lez, Facultad de Ciencias Exactas y Tecnol\u00f3gicas.<\/em><\/p>\n<p><em><strong>UN MIEMBRO ESTUDIANTIL EN EJERCICIO DEL CONSEJO DIRECTIVO DE CADA FACULTAD, DESIGNADO POR EL MISMO CONSEJO:<\/strong><\/em><br \/>\n<em>37. Univ. \u00darsula Mar\u00eda Bel\u00e9n Acosta Elizeche, Facultad de Odontolog\u00eda.<\/em><br \/>\n<em>38. Univ. Orlando Guzm\u00e1n Vega D\u00edaz, Facultad de Ciencias Agrarias.<\/em><br \/>\n<em>39. Univ. Francisco Manuel Lugo Mongelos, Facultad de Ciencias Econ\u00f3micas y Administrativas.<\/em><br \/>\n<em>40. Univ. Juan Antonio Ortiz Jara, Facultad de Medicina.<\/em><br \/>\n<em>41. Univ. Tamara Mar\u00eda Jos\u00e9 Wyder Esp\u00ednola, Facultad de Humanidades y Ciencias de la Educaci\u00f3n.<\/em><br \/>\n<em>42. Univ. Ana Bel\u00e9n Sanabria Fretes, Facultad de Ciencias Exactas y Tecnol\u00f3gicas.<\/em><\/p>\n<p style=\"text-align: right;\"><em>18-06-2025<\/em><\/p>\n","protected":false},"excerpt":{"rendered":"<p>El Rectorado de la Universidad Nacional de Concepci\u00f3n informa de la n\u00f3mina de Asamble\u00edstas habilitados para participar en las Asambleas Universitarias convocadas para el d\u00eda 20 de junio del cte. a\u00f1o, las mismas convocadas en virtud de las Resoluciones REC-Nro. 271\/2025 y REC-Nro. 272\/2025, respectivamente. Adem\u00e1s de los miembros vigentes del Consejo Superior Universitario, los&#8230;<\/p>\n","protected":false},"author":1,"featured_media":26808,"comment_status":"closed","ping_status":"closed","sticky":false,"template":"","format":"standard","meta":{"footnotes":""},"categories":[1],"tags":[57],"class_list":["post-26806","post","type-post","status-publish","format-standard","has-post-thumbnail","hentry","category-uncategorized","tag-unc-asamblea"],"_links":{"self":[{"href":"https:\/\/softcon.wnpower.host\/index.php?rest_route=\/wp\/v2\/posts\/26806","targetHints":{"allow":["GET"]}}],"collection":[{"href":"https:\/\/softcon.wnpower.host\/index.php?rest_route=\/wp\/v2\/posts"}],"about":[{"href":"https:\/\/softcon.wnpower.host\/index.php?rest_route=\/wp\/v2\/types\/post"}],"author":[{"embeddable":true,"href":"https:\/\/softcon.wnpower.host\/index.php?rest_route=\/wp\/v2\/users\/1"}],"replies":[{"embeddable":true,"href":"https:\/\/softcon.wnpower.host\/index.php?rest_route=%2Fwp%2Fv2%2Fcomments&post=26806"}],"version-history":[{"count":1,"href":"https:\/\/softcon.wnpower.host\/index.php?rest_route=\/wp\/v2\/posts\/26806\/revisions"}],"predecessor-version":[{"id":26809,"href":"https:\/\/softcon.wnpower.host\/index.php?rest_route=\/wp\/v2\/posts\/26806\/revisions\/26809"}],"wp:featuredmedia":[{"embeddable":true,"href":"https:\/\/softcon.wnpower.host\/index.php?rest_route=\/wp\/v2\/media\/26808"}],"wp:attachment":[{"href":"https:\/\/softcon.wnpower.host\/index.php?rest_route=%2Fwp%2Fv2%2Fmedia&parent=26806"}],"wp:term":[{"taxonomy":"category","embeddable":true,"href":"https:\/\/softcon.wnpower.host\/index.php?rest_route=%2Fwp%2Fv2%2Fcategories&post=26806"},{"taxonomy":"post_tag","embeddable":true,"href":"https:\/\/softcon.wnpower.host\/index.php?rest_route=%2Fwp%2Fv2%2Ftags&post=26806"}],"curies":[{"name":"wp","href":"https:\/\/api.w.org\/{rel}","templated":true}]}}